{"id":581,"date":"2023-06-13T19:17:39","date_gmt":"2023-06-13T19:17:39","guid":{"rendered":"https:\/\/vendadefichas.com\/?p=581"},"modified":"2023-06-13T22:19:03","modified_gmt":"2023-06-13T22:19:03","slug":"decoracao-para-transformar-seu-espaco","status":"publish","type":"post","link":"https:\/\/vendadefichas.com\/index.php\/2023\/06\/13\/decoracao-para-transformar-seu-espaco\/","title":{"rendered":"Decora\u00e7\u00e3o para transformar seu espa\u00e7o"},"content":{"rendered":"\t\t<div data-elementor-type=\"wp-post\" data-elementor-id=\"581\" class=\"elementor elementor-581\">\n\t\t\t\t\t\t\t\t\t<section class=\"elementor-section elementor-top-section elementor-element elementor-element-a7aefa7 elementor-section-boxed elementor-section-height-default elementor-section-height-default\" data-id=\"a7aefa7\" data-element_type=\"section\">\n\t\t\t\t\t\t<div class=\"elementor-container elementor-column-gap-default\">\n\t\t\t\t\t<div class=\"elementor-column elementor-col-100 elementor-top-column elementor-element elementor-element-1f9c013\" data-id=\"1f9c013\" data-element_type=\"column\">\n\t\t\t<div class=\"elementor-widget-wrap elementor-element-populated\">\n\t\t\t\t\t\t\t\t<div class=\"elementor-element elementor-element-d2a900d elementor-widget elementor-widget-image\" data-id=\"d2a900d\" data-element_type=\"widget\" data-widget_type=\"image.default\">\n\t\t\t\t<div class=\"elementor-widget-container\">\n\t\t\t<style>\/*! elementor - v3.16.0 - 20-09-2023 *\/\n.elementor-widget-image{text-align:center}.elementor-widget-image a{display:inline-block}.elementor-widget-image a img[src$=\".svg\"]{width:48px}.elementor-widget-image img{vertical-align:middle;display:inline-block}<\/style>\t\t\t\t\t\t\t\t\t\t\t\t<img loading=\"lazy\" decoding=\"async\" width=\"265\" height=\"50\" src=\"https:\/\/vendadefichas.com\/wp-content\/uploads\/2023\/06\/cadastro-imobiliario.jpg\" class=\"attachment-large size-large wp-image-372\" alt=\"\" \/>\t\t\t\t\t\t\t\t\t\t\t\t\t\t\t<\/div>\n\t\t\t\t<\/div>\n\t\t\t\t\t<\/div>\n\t\t<\/div>\n\t\t\t\t\t\t\t<\/div>\n\t\t<\/section>\n\t\t\t\t<section class=\"elementor-section elementor-top-section elementor-element elementor-element-dc8395c elementor-section-boxed elementor-section-height-default elementor-section-height-default\" data-id=\"dc8395c\" data-element_type=\"section\">\n\t\t\t\t\t\t<div class=\"elementor-container elementor-column-gap-default\">\n\t\t\t\t\t<div class=\"elementor-column elementor-col-33 elementor-top-column elementor-element elementor-element-0ba06d0\" data-id=\"0ba06d0\" data-element_type=\"column\">\n\t\t\t<div class=\"elementor-widget-wrap elementor-element-populated\">\n\t\t\t\t\t\t\t\t<div class=\"elementor-element elementor-element-84ebc8a elementor-widget elementor-widget-text-editor\" data-id=\"84ebc8a\" data-element_type=\"widget\" data-widget_type=\"text-editor.default\">\n\t\t\t\t<div class=\"elementor-widget-container\">\n\t\t\t<style>\/*! elementor - v3.16.0 - 20-09-2023 *\/\n.elementor-widget-text-editor.elementor-drop-cap-view-stacked .elementor-drop-cap{background-color:#69727d;color:#fff}.elementor-widget-text-editor.elementor-drop-cap-view-framed .elementor-drop-cap{color:#69727d;border:3px solid;background-color:transparent}.elementor-widget-text-editor:not(.elementor-drop-cap-view-default) .elementor-drop-cap{margin-top:8px}.elementor-widget-text-editor:not(.elementor-drop-cap-view-default) .elementor-drop-cap-letter{width:1em;height:1em}.elementor-widget-text-editor .elementor-drop-cap{float:left;text-align:center;line-height:1;font-size:50px}.elementor-widget-text-editor .elementor-drop-cap-letter{display:inline-block}<\/style>\t\t\t\t<ul><li><a href=\"https:\/\/vendadefichas.com\/\">Inicio<\/a><\/li><\/ul>\t\t\t\t\t\t<\/div>\n\t\t\t\t<\/div>\n\t\t\t\t\t<\/div>\n\t\t<\/div>\n\t\t\t\t<div class=\"elementor-column elementor-col-33 elementor-top-column elementor-element elementor-element-1057c93\" data-id=\"1057c93\" data-element_type=\"column\">\n\t\t\t<div class=\"elementor-widget-wrap elementor-element-populated\">\n\t\t\t\t\t\t\t\t<div class=\"elementor-element elementor-element-e42f32e elementor-widget elementor-widget-text-editor\" data-id=\"e42f32e\" data-element_type=\"widget\" data-widget_type=\"text-editor.default\">\n\t\t\t\t<div class=\"elementor-widget-container\">\n\t\t\t\t\t\t\t<ul><li><a href=\"https:\/\/vendadefichas.com\/#meuimovel\">Cadastre seu im\u00f3vel<\/a><\/li><\/ul>\t\t\t\t\t\t<\/div>\n\t\t\t\t<\/div>\n\t\t\t\t\t<\/div>\n\t\t<\/div>\n\t\t\t\t<div class=\"elementor-column elementor-col-33 elementor-top-column elementor-element elementor-element-6004832\" data-id=\"6004832\" data-element_type=\"column\">\n\t\t\t<div class=\"elementor-widget-wrap elementor-element-populated\">\n\t\t\t\t\t\t\t\t<div class=\"elementor-element elementor-element-3878297 elementor-widget elementor-widget-text-editor\" data-id=\"3878297\" data-element_type=\"widget\" data-widget_type=\"text-editor.default\">\n\t\t\t\t<div class=\"elementor-widget-container\">\n\t\t\t\t\t\t\t<ul><li><a href=\"https:\/\/vendadefichas.com\/#planos\">Planos para corretores<\/a><\/li><\/ul>\t\t\t\t\t\t<\/div>\n\t\t\t\t<\/div>\n\t\t\t\t\t<\/div>\n\t\t<\/div>\n\t\t\t\t\t\t\t<\/div>\n\t\t<\/section>\n\t\t\t\t<section class=\"elementor-section elementor-top-section elementor-element elementor-element-0e46cee elementor-section-boxed elementor-section-height-default elementor-section-height-default\" data-id=\"0e46cee\" data-element_type=\"section\">\n\t\t\t\t\t\t<div class=\"elementor-container elementor-column-gap-default\">\n\t\t\t\t\t<div class=\"elementor-column elementor-col-100 elementor-top-column elementor-element elementor-element-52ddf00\" data-id=\"52ddf00\" data-element_type=\"column\">\n\t\t\t<div class=\"elementor-widget-wrap elementor-element-populated\">\n\t\t\t\t\t\t\t\t<div class=\"elementor-element elementor-element-61d8e6a elementor-widget elementor-widget-image\" data-id=\"61d8e6a\" data-element_type=\"widget\" data-widget_type=\"image.default\">\n\t\t\t\t<div class=\"elementor-widget-container\">\n\t\t\t\t\t\t\t\t\t\t\t\t\t\t\t<img loading=\"lazy\" decoding=\"async\" width=\"1080\" height=\"543\" src=\"https:\/\/vendadefichas.com\/wp-content\/uploads\/2023\/06\/decor.jpg\" class=\"attachment-full size-full wp-image-595\" alt=\"Decora\u00e7\u00e3o de Im\u00f3veis\" srcset=\"https:\/\/vendadefichas.com\/wp-content\/uploads\/2023\/06\/decor.jpg 1080w, https:\/\/vendadefichas.com\/wp-content\/uploads\/2023\/06\/decor-300x151.jpg 300w, https:\/\/vendadefichas.com\/wp-content\/uploads\/2023\/06\/decor-1024x515.jpg 1024w, https:\/\/vendadefichas.com\/wp-content\/uploads\/2023\/06\/decor-768x386.jpg 768w\" sizes=\"auto, (max-width: 1080px) 100vw, 1080px\" \/>\t\t\t\t\t\t\t\t\t\t\t\t\t\t\t<\/div>\n\t\t\t\t<\/div>\n\t\t\t\t\t<\/div>\n\t\t<\/div>\n\t\t\t\t\t\t\t<\/div>\n\t\t<\/section>\n\t\t\t\t<section class=\"elementor-section elementor-top-section elementor-element elementor-element-2a6a9e2 elementor-section-boxed elementor-section-height-default elementor-section-height-default\" data-id=\"2a6a9e2\" data-element_type=\"section\">\n\t\t\t\t\t\t<div class=\"elementor-container elementor-column-gap-default\">\n\t\t\t\t\t<div class=\"elementor-column elementor-col-100 elementor-top-column elementor-element elementor-element-515517f\" data-id=\"515517f\" data-element_type=\"column\">\n\t\t\t<div class=\"elementor-widget-wrap elementor-element-populated\">\n\t\t\t\t\t\t\t\t<div class=\"elementor-element elementor-element-260e5f4 elementor-widget elementor-widget-heading\" data-id=\"260e5f4\" data-element_type=\"widget\" data-widget_type=\"heading.default\">\n\t\t\t\t<div class=\"elementor-widget-container\">\n\t\t\t<style>\/*! elementor - v3.16.0 - 20-09-2023 *\/\n.elementor-heading-title{padding:0;margin:0;line-height:1}.elementor-widget-heading .elementor-heading-title[class*=elementor-size-]>a{color:inherit;font-size:inherit;line-height:inherit}.elementor-widget-heading .elementor-heading-title.elementor-size-small{font-size:15px}.elementor-widget-heading .elementor-heading-title.elementor-size-medium{font-size:19px}.elementor-widget-heading .elementor-heading-title.elementor-size-large{font-size:29px}.elementor-widget-heading .elementor-heading-title.elementor-size-xl{font-size:39px}.elementor-widget-heading .elementor-heading-title.elementor-size-xxl{font-size:59px}<\/style><h2 class=\"elementor-heading-title elementor-size-default\">Decora\u00e7\u00e3o para transformar seu espa\u00e7o: Descubra como dar vida nova ao seu im\u00f3vel por meio da decora\u00e7\u00e3o<\/h2>\t\t<\/div>\n\t\t\t\t<\/div>\n\t\t\t\t\t<\/div>\n\t\t<\/div>\n\t\t\t\t\t\t\t<\/div>\n\t\t<\/section>\n\t\t\t\t<section class=\"elementor-section elementor-top-section elementor-element elementor-element-1f08a97 elementor-section-boxed elementor-section-height-default elementor-section-height-default\" data-id=\"1f08a97\" data-element_type=\"section\">\n\t\t\t\t\t\t<div class=\"elementor-container elementor-column-gap-default\">\n\t\t\t\t\t<div class=\"elementor-column elementor-col-100 elementor-top-column elementor-element elementor-element-9774ea2\" data-id=\"9774ea2\" data-element_type=\"column\">\n\t\t\t<div class=\"elementor-widget-wrap elementor-element-populated\">\n\t\t\t\t\t\t\t\t<div class=\"elementor-element elementor-element-4ead1ff elementor-widget elementor-widget-text-editor\" data-id=\"4ead1ff\" data-element_type=\"widget\" data-widget_type=\"text-editor.default\">\n\t\t\t\t<div class=\"elementor-widget-container\">\n\t\t\t\t\t\t\t<p>Quando pensamos em transformar um im\u00f3vel, muitas vezes a primeira coisa que vem \u00e0 mente \u00e9 a necessidade de reformas estruturais ou grandes investimentos. No entanto, a decora\u00e7\u00e3o pode desempenhar um papel fundamental na renova\u00e7\u00e3o de um espa\u00e7o, tornando-o acolhedor, atraente e personalizado. Neste artigo, exploraremos diferentes estilos e tend\u00eancias de decora\u00e7\u00e3o de interiores, al\u00e9m de fornecer dicas pr\u00e1ticas para ajud\u00e1-lo a criar ambientes que reflitam seu estilo e personalidade.<\/p><p>Cores e ilumina\u00e7\u00e3o: os pilares da transforma\u00e7\u00e3o<\/p><p>Um dos aspectos mais poderosos da decora\u00e7\u00e3o \u00e9 a escolha das cores certas. As cores t\u00eam o poder de afetar nosso humor, criar uma atmosfera espec\u00edfica e at\u00e9 mesmo fazer um espa\u00e7o parecer maior ou menor. Se voc\u00ea est\u00e1 procurando um ambiente tranquilo e relaxante, tons de azul e verde s\u00e3o uma \u00f3tima op\u00e7\u00e3o. Para uma sensa\u00e7\u00e3o de energia e vitalidade, cores vibrantes como amarelo e laranja podem ser a escolha certa.<\/p><p>Al\u00e9m das cores, a ilumina\u00e7\u00e3o adequada \u00e9 essencial para transformar qualquer espa\u00e7o. Uma boa ilumina\u00e7\u00e3o pode destacar os pontos fortes da decora\u00e7\u00e3o, criar um ambiente aconchegante e at\u00e9 mesmo melhorar a funcionalidade de determinados ambientes. Considere a combina\u00e7\u00e3o de luzes de teto, lumin\u00e1rias de mesa e abajures para obter diferentes efeitos de ilumina\u00e7\u00e3o em cada ambiente.<\/p>\t\t\t\t\t\t<\/div>\n\t\t\t\t<\/div>\n\t\t\t\t\t<\/div>\n\t\t<\/div>\n\t\t\t\t\t\t\t<\/div>\n\t\t<\/section>\n\t\t\t\t<section class=\"elementor-section elementor-top-section elementor-element elementor-element-2ceef98 elementor-section-boxed elementor-section-height-default elementor-section-height-default\" data-id=\"2ceef98\" data-element_type=\"section\">\n\t\t\t\t\t\t<div class=\"elementor-container elementor-column-gap-default\">\n\t\t\t\t\t<div class=\"elementor-column elementor-col-100 elementor-top-column elementor-element elementor-element-91ec4b8\" data-id=\"91ec4b8\" data-element_type=\"column\">\n\t\t\t<div class=\"elementor-widget-wrap elementor-element-populated\">\n\t\t\t\t\t\t\t\t<div class=\"elementor-element elementor-element-5a8ca52 elementor-widget elementor-widget-image\" data-id=\"5a8ca52\" data-element_type=\"widget\" data-widget_type=\"image.default\">\n\t\t\t\t<div class=\"elementor-widget-container\">\n\t\t\t\t\t\t\t\t\t\t\t\t\t\t\t<img loading=\"lazy\" decoding=\"async\" width=\"896\" height=\"300\" src=\"https:\/\/vendadefichas.com\/wp-content\/uploads\/2023\/06\/decor2.jpg\" class=\"attachment-full size-full wp-image-596\" alt=\"DECORA\u00c7\u00c3O DE IM\u00d3VEIS\" srcset=\"https:\/\/vendadefichas.com\/wp-content\/uploads\/2023\/06\/decor2.jpg 896w, https:\/\/vendadefichas.com\/wp-content\/uploads\/2023\/06\/decor2-300x100.jpg 300w, https:\/\/vendadefichas.com\/wp-content\/uploads\/2023\/06\/decor2-768x257.jpg 768w\" sizes=\"auto, (max-width: 896px) 100vw, 896px\" \/>\t\t\t\t\t\t\t\t\t\t\t\t\t\t\t<\/div>\n\t\t\t\t<\/div>\n\t\t\t\t\t<\/div>\n\t\t<\/div>\n\t\t\t\t\t\t\t<\/div>\n\t\t<\/section>\n\t\t\t\t<section class=\"elementor-section elementor-top-section elementor-element elementor-element-f048da9 elementor-section-boxed elementor-section-height-default elementor-section-height-default\" data-id=\"f048da9\" data-element_type=\"section\">\n\t\t\t\t\t\t<div class=\"elementor-container elementor-column-gap-default\">\n\t\t\t\t\t<div class=\"elementor-column elementor-col-100 elementor-top-column elementor-element elementor-element-f474209\" data-id=\"f474209\" data-element_type=\"column\">\n\t\t\t<div class=\"elementor-widget-wrap elementor-element-populated\">\n\t\t\t\t\t\t\t\t<div class=\"elementor-element elementor-element-c31aeee elementor-widget elementor-widget-heading\" data-id=\"c31aeee\" data-element_type=\"widget\" data-widget_type=\"heading.default\">\n\t\t\t\t<div class=\"elementor-widget-container\">\n\t\t\t<h2 class=\"elementor-heading-title elementor-size-default\">Estilos de decora\u00e7\u00e3o: <\/h2>\t\t<\/div>\n\t\t\t\t<\/div>\n\t\t\t\t\t<\/div>\n\t\t<\/div>\n\t\t\t\t\t\t\t<\/div>\n\t\t<\/section>\n\t\t\t\t<section class=\"elementor-section elementor-top-section elementor-element elementor-element-9833aeb elementor-section-boxed elementor-section-height-default elementor-section-height-default\" data-id=\"9833aeb\" data-element_type=\"section\">\n\t\t\t\t\t\t<div class=\"elementor-container elementor-column-gap-default\">\n\t\t\t\t\t<div class=\"elementor-column elementor-col-100 elementor-top-column elementor-element elementor-element-9f1a98c\" data-id=\"9f1a98c\" data-element_type=\"column\">\n\t\t\t<div class=\"elementor-widget-wrap elementor-element-populated\">\n\t\t\t\t\t\t\t\t<div class=\"elementor-element elementor-element-146c546 elementor-widget elementor-widget-text-editor\" data-id=\"146c546\" data-element_type=\"widget\" data-widget_type=\"text-editor.default\">\n\t\t\t\t<div class=\"elementor-widget-container\">\n\t\t\t\t\t\t\t<p>Existem diversos estilos de decora\u00e7\u00e3o de interiores, cada um com caracter\u00edsticas \u00fanicas que refletem diferentes prefer\u00eancias est\u00e9ticas e personalidades. Ao escolher um estilo de decora\u00e7\u00e3o, \u00e9 importante considerar o seu gosto pessoal, o prop\u00f3sito do espa\u00e7o e a sensa\u00e7\u00e3o que voc\u00ea deseja transmitir. Aqui est\u00e3o alguns estilos populares de decora\u00e7\u00e3o de interiores:<\/p><ol><li><p>Cl\u00e1ssico: O estilo cl\u00e1ssico remete \u00e0 eleg\u00e2ncia atemporal e sofistica\u00e7\u00e3o. Caracteriza-se por m\u00f3veis de linhas refinadas, detalhes ornamentados, materiais nobres como madeira escura e m\u00e1rmore, al\u00e9m de cores neutras e suaves. \u00c9 um estilo que valoriza o equil\u00edbrio, a simetria e a harmonia.<\/p><\/li><li><p>Contempor\u00e2neo: O estilo contempor\u00e2neo \u00e9 marcado pela simplicidade e pela \u00eanfase na funcionalidade. As linhas s\u00e3o geralmente retas e limpas, os m\u00f3veis t\u00eam um design minimalista e os espa\u00e7os s\u00e3o organizados de forma a criar uma sensa\u00e7\u00e3o de simplicidade e ordem. As cores neutras s\u00e3o frequentes, mas tamb\u00e9m pode haver toques de cores ousadas para adicionar interesse visual.<\/p><\/li><li><p>Industrial: Inspirado em espa\u00e7os industriais antigos, o estilo industrial \u00e9 conhecido por sua est\u00e9tica urbana e moderna. Caracteriza-se pelo uso de materiais brutos, como tijolos expostos, concreto, metal e madeira desgastada. O estilo valoriza a simplicidade e a funcionalidade, com mobili\u00e1rio de linhas retas e elementos estruturais \u00e0 mostra.<\/p><\/li><li><p>Escandinavo: Origin\u00e1rio dos pa\u00edses n\u00f3rdicos, o estilo escandinavo \u00e9 conhecido por sua simplicidade, minimalismo e aconchego. Caracteriza-se por tons claros, como branco e tons de cinza, madeira clara, linhas limpas e funcionalidade. A ilumina\u00e7\u00e3o natural \u00e9 valorizada, assim como a presen\u00e7a de elementos naturais, como plantas e tecidos org\u00e2nicos.<\/p><\/li><li><p>Boho: O estilo boho \u00e9 uma mistura de influ\u00eancias \u00e9tnicas, hippie e vintage, resultando em uma est\u00e9tica descontra\u00edda e cheia de personalidade. Caracteriza-se pelo uso de cores vibrantes, estampas \u00e9tnicas, texturas r\u00fasticas, m\u00f3veis antigos ou vintage, al\u00e9m de elementos naturais, como plantas e fibras naturais. \u00c9 um estilo que valoriza a liberdade criativa e a express\u00e3o individual.<\/p><\/li><li><p>Moderno: O estilo moderno \u00e9 caracterizado por linhas limpas, formas geom\u00e9tricas, materiais contempor\u00e2neos e uma abordagem minimalista. As cores predominantes s\u00e3o neutras, como branco, cinza e preto, com destaque para o contraste e o uso de elementos met\u00e1licos. \u00c9 um estilo que transmite uma sensa\u00e7\u00e3o de ordem, simplicidade e eleg\u00e2ncia contempor\u00e2nea.<\/p><\/li><\/ol>\t\t\t\t\t\t<\/div>\n\t\t\t\t<\/div>\n\t\t\t\t\t<\/div>\n\t\t<\/div>\n\t\t\t\t\t\t\t<\/div>\n\t\t<\/section>\n\t\t\t\t<section class=\"elementor-section elementor-top-section elementor-element elementor-element-31add44 elementor-section-boxed elementor-section-height-default elementor-section-height-default\" data-id=\"31add44\" data-element_type=\"section\">\n\t\t\t\t\t\t<div class=\"elementor-container elementor-column-gap-default\">\n\t\t\t\t\t<div class=\"elementor-column elementor-col-100 elementor-top-column elementor-element elementor-element-1d3a527\" data-id=\"1d3a527\" data-element_type=\"column\">\n\t\t\t<div class=\"elementor-widget-wrap elementor-element-populated\">\n\t\t\t\t\t\t\t\t<div class=\"elementor-element elementor-element-fa6b327 elementor-widget elementor-widget-text-editor\" data-id=\"fa6b327\" data-element_type=\"widget\" data-widget_type=\"text-editor.default\">\n\t\t\t\t<div class=\"elementor-widget-container\">\n\t\t\t\t\t\t\t<p>N\u00e3o tenha medo de misturar estilos e criar uma decora\u00e7\u00e3o \u00fanica e personalizada. O estilo ecl\u00e9tico, por exemplo, permite combinar diferentes elementos de diversos estilos para criar um ambiente verdadeiramente original. Lembre-se de que o mais importante \u00e9 criar um espa\u00e7o que reflita quem voc\u00ea \u00e9 e no qual voc\u00ea se sinta confort\u00e1vel.<\/p><p>Organiza\u00e7\u00e3o e funcionalidade: o segredo do sucesso<\/p><p>Al\u00e9m de ser esteticamente agrad\u00e1vel, um espa\u00e7o bem decorado tamb\u00e9m precisa ser funcional e organizado. Utilize solu\u00e7\u00f5es de armazenamento inteligentes, como prateleiras, nichos e caixas organizadoras, para manter a ordem e reduzir a desordem. Aproveite ao m\u00e1ximo o espa\u00e7o dispon\u00edvel e certifique-se de que cada item tenha seu lugar adequado.<\/p><p>Se voc\u00ea est\u00e1 buscando uma transforma\u00e7\u00e3o completa, considere tamb\u00e9m a reorganiza\u00e7\u00e3o dos m\u00f3veis. \u00c0s vezes, apenas mudar a disposi\u00e7\u00e3o dos elementos existentes pode fazer uma grande diferen\u00e7a na percep\u00e7\u00e3o do espa\u00e7o.<\/p>\t\t\t\t\t\t<\/div>\n\t\t\t\t<\/div>\n\t\t\t\t\t<\/div>\n\t\t<\/div>\n\t\t\t\t\t\t\t<\/div>\n\t\t<\/section>\n\t\t\t\t\t\t\t<\/div>\n\t\t","protected":false},"excerpt":{"rendered":"<p>Inicio Cadastre seu im\u00f3vel Planos para corretores Decora\u00e7\u00e3o para transformar seu espa\u00e7o: Descubra como dar vida nova ao seu im\u00f3vel por meio da decora\u00e7\u00e3o Quando pensamos em transformar um im\u00f3vel, muitas vezes a primeira coisa que vem \u00e0 mente \u00e9 a necessidade de reformas estruturais ou grandes investimentos. No entanto, a decora\u00e7\u00e3o pode desempenhar um [&hellip;]<\/p>\n","protected":false},"author":2,"featured_media":600,"comment_status":"open","ping_status":"open","sticky":false,"template":"elementor_canvas","format":"standard","meta":{"footnotes":""},"categories":[10,11],"tags":[],"class_list":["post-581","post","type-post","status-publish","format-standard","has-post-thumbnail","hentry","category-captacao_de_imoveis","category-locacao_e_vendas"],"yoast_head":"<!-- This site is optimized with the Yoast SEO plugin v22.7 - https:\/\/yoast.com\/wordpress\/plugins\/seo\/ -->\n<title>Decora\u00e7\u00e3o para transformar seu espa\u00e7o - Venda de Fichas Imobili\u00e1rias - Capta\u00e7\u00e3o de im\u00f3veis<\/title>\n<meta name=\"description\" content=\"A decora\u00e7\u00e3o pode desempenhar um papel fundamental na renova\u00e7\u00e3o de um espa\u00e7o, tornando-o acolhedor, atraente e personalizado.\" \/>\n<meta name=\"robots\" content=\"index, follow, max-snippet:-1, max-image-preview:large, max-video-preview:-1\" \/>\n<link rel=\"canonical\" href=\"https:\/\/vendadefichas.com\/index.php\/2023\/06\/13\/decoracao-para-transformar-seu-espaco\/\" \/>\n<meta property=\"og:locale\" content=\"pt_BR\" \/>\n<meta property=\"og:type\" content=\"article\" \/>\n<meta property=\"og:title\" content=\"Decora\u00e7\u00e3o para transformar seu espa\u00e7o - Venda de Fichas Imobili\u00e1rias - Capta\u00e7\u00e3o de im\u00f3veis\" \/>\n<meta property=\"og:description\" content=\"A decora\u00e7\u00e3o pode desempenhar um papel fundamental na renova\u00e7\u00e3o de um espa\u00e7o, tornando-o acolhedor, atraente e personalizado.\" \/>\n<meta property=\"og:url\" content=\"https:\/\/vendadefichas.com\/index.php\/2023\/06\/13\/decoracao-para-transformar-seu-espaco\/\" \/>\n<meta property=\"og:site_name\" content=\"Venda de Fichas Imobili\u00e1rias - Capta\u00e7\u00e3o de im\u00f3veis\" \/>\n<meta property=\"article:published_time\" content=\"2023-06-13T19:17:39+00:00\" \/>\n<meta property=\"article:modified_time\" content=\"2023-06-13T22:19:03+00:00\" \/>\n<meta property=\"og:image\" content=\"https:\/\/vendadefichas.com\/wp-content\/uploads\/2023\/06\/Decoracao.jpg\" \/>\n\t<meta property=\"og:image:width\" content=\"600\" \/>\n\t<meta property=\"og:image:height\" content=\"600\" \/>\n\t<meta property=\"og:image:type\" content=\"image\/jpeg\" \/>\n<meta name=\"author\" content=\"Flavio Marques\" \/>\n<meta name=\"twitter:card\" content=\"summary_large_image\" \/>\n<meta name=\"twitter:label1\" content=\"Escrito por\" \/>\n\t<meta name=\"twitter:data1\" content=\"Flavio Marques\" \/>\n\t<meta name=\"twitter:label2\" content=\"Est. tempo de leitura\" \/>\n\t<meta name=\"twitter:data2\" content=\"5 minutos\" \/>\n<script type=\"application\/ld+json\" class=\"yoast-schema-graph\">{\"@context\":\"https:\/\/schema.org\",\"@graph\":[{\"@type\":\"Article\",\"@id\":\"https:\/\/vendadefichas.com\/index.php\/2023\/06\/13\/decoracao-para-transformar-seu-espaco\/#article\",\"isPartOf\":{\"@id\":\"https:\/\/vendadefichas.com\/index.php\/2023\/06\/13\/decoracao-para-transformar-seu-espaco\/\"},\"author\":{\"name\":\"Flavio Marques\",\"@id\":\"https:\/\/vendadefichas.com\/#\/schema\/person\/35b1b76ab2b0a16f9de960067b464a5c\"},\"headline\":\"Decora\u00e7\u00e3o para transformar seu espa\u00e7o\",\"datePublished\":\"2023-06-13T19:17:39+00:00\",\"dateModified\":\"2023-06-13T22:19:03+00:00\",\"mainEntityOfPage\":{\"@id\":\"https:\/\/vendadefichas.com\/index.php\/2023\/06\/13\/decoracao-para-transformar-seu-espaco\/\"},\"wordCount\":826,\"commentCount\":0,\"publisher\":{\"@id\":\"https:\/\/vendadefichas.com\/#organization\"},\"image\":{\"@id\":\"https:\/\/vendadefichas.com\/index.php\/2023\/06\/13\/decoracao-para-transformar-seu-espaco\/#primaryimage\"},\"thumbnailUrl\":\"https:\/\/vendadefichas.com\/wp-content\/uploads\/2023\/06\/Decoracao.jpg\",\"articleSection\":[\"Capta\u00e7\u00e3o de im\u00f3veis\",\"Loca\u00e7\u00e3o e Vendas\"],\"inLanguage\":\"pt-BR\",\"potentialAction\":[{\"@type\":\"CommentAction\",\"name\":\"Comment\",\"target\":[\"https:\/\/vendadefichas.com\/index.php\/2023\/06\/13\/decoracao-para-transformar-seu-espaco\/#respond\"]}]},{\"@type\":\"WebPage\",\"@id\":\"https:\/\/vendadefichas.com\/index.php\/2023\/06\/13\/decoracao-para-transformar-seu-espaco\/\",\"url\":\"https:\/\/vendadefichas.com\/index.php\/2023\/06\/13\/decoracao-para-transformar-seu-espaco\/\",\"name\":\"Decora\u00e7\u00e3o para transformar seu espa\u00e7o - Venda de Fichas Imobili\u00e1rias - Capta\u00e7\u00e3o de im\u00f3veis\",\"isPartOf\":{\"@id\":\"https:\/\/vendadefichas.com\/#website\"},\"primaryImageOfPage\":{\"@id\":\"https:\/\/vendadefichas.com\/index.php\/2023\/06\/13\/decoracao-para-transformar-seu-espaco\/#primaryimage\"},\"image\":{\"@id\":\"https:\/\/vendadefichas.com\/index.php\/2023\/06\/13\/decoracao-para-transformar-seu-espaco\/#primaryimage\"},\"thumbnailUrl\":\"https:\/\/vendadefichas.com\/wp-content\/uploads\/2023\/06\/Decoracao.jpg\",\"datePublished\":\"2023-06-13T19:17:39+00:00\",\"dateModified\":\"2023-06-13T22:19:03+00:00\",\"description\":\"A decora\u00e7\u00e3o pode desempenhar um papel fundamental na renova\u00e7\u00e3o de um espa\u00e7o, tornando-o acolhedor, atraente e personalizado.\",\"breadcrumb\":{\"@id\":\"https:\/\/vendadefichas.com\/index.php\/2023\/06\/13\/decoracao-para-transformar-seu-espaco\/#breadcrumb\"},\"inLanguage\":\"pt-BR\",\"potentialAction\":[{\"@type\":\"ReadAction\",\"target\":[\"https:\/\/vendadefichas.com\/index.php\/2023\/06\/13\/decoracao-para-transformar-seu-espaco\/\"]}]},{\"@type\":\"ImageObject\",\"inLanguage\":\"pt-BR\",\"@id\":\"https:\/\/vendadefichas.com\/index.php\/2023\/06\/13\/decoracao-para-transformar-seu-espaco\/#primaryimage\",\"url\":\"https:\/\/vendadefichas.com\/wp-content\/uploads\/2023\/06\/Decoracao.jpg\",\"contentUrl\":\"https:\/\/vendadefichas.com\/wp-content\/uploads\/2023\/06\/Decoracao.jpg\",\"width\":600,\"height\":600,\"caption\":\"Estilos populares de decora\u00e7\u00e3o\"},{\"@type\":\"BreadcrumbList\",\"@id\":\"https:\/\/vendadefichas.com\/index.php\/2023\/06\/13\/decoracao-para-transformar-seu-espaco\/#breadcrumb\",\"itemListElement\":[{\"@type\":\"ListItem\",\"position\":1,\"name\":\"In\u00edcio\",\"item\":\"https:\/\/vendadefichas.com\/\"},{\"@type\":\"ListItem\",\"position\":2,\"name\":\"Decora\u00e7\u00e3o para transformar seu espa\u00e7o\"}]},{\"@type\":\"WebSite\",\"@id\":\"https:\/\/vendadefichas.com\/#website\",\"url\":\"https:\/\/vendadefichas.com\/\",\"name\":\"Venda de Fichas Imobili\u00e1rias - Capta\u00e7\u00e3o de im\u00f3veis\",\"description\":\"Venda de fichas imobili\u00e1rias, capta\u00e7\u00e3o de im\u00f3veis, venda e loca\u00e7\u00e3o\",\"publisher\":{\"@id\":\"https:\/\/vendadefichas.com\/#organization\"},\"alternateName\":\"Venda de fichas, loca\u00e7\u00e3o e venda de im\u00f3veis\",\"potentialAction\":[{\"@type\":\"SearchAction\",\"target\":{\"@type\":\"EntryPoint\",\"urlTemplate\":\"https:\/\/vendadefichas.com\/?s={search_term_string}\"},\"query-input\":\"required name=search_term_string\"}],\"inLanguage\":\"pt-BR\"},{\"@type\":\"Organization\",\"@id\":\"https:\/\/vendadefichas.com\/#organization\",\"name\":\"Venda de Fichas Imobili\u00e1rias\",\"alternateName\":\"Venda de Fichas Imobili\u00e1rias, capta\u00e7\u00e3o de im\u00f3veis, loca\u00e7\u00e3o e venda de im\u00f3veis\",\"url\":\"https:\/\/vendadefichas.com\/\",\"logo\":{\"@type\":\"ImageObject\",\"inLanguage\":\"pt-BR\",\"@id\":\"https:\/\/vendadefichas.com\/#\/schema\/logo\/image\/\",\"url\":\"https:\/\/vendadefichas.com\/wp-content\/uploads\/2023\/05\/venda-de-fichas.png\",\"contentUrl\":\"https:\/\/vendadefichas.com\/wp-content\/uploads\/2023\/05\/venda-de-fichas.png\",\"width\":676,\"height\":254,\"caption\":\"Venda de Fichas Imobili\u00e1rias\"},\"image\":{\"@id\":\"https:\/\/vendadefichas.com\/#\/schema\/logo\/image\/\"}},{\"@type\":\"Person\",\"@id\":\"https:\/\/vendadefichas.com\/#\/schema\/person\/35b1b76ab2b0a16f9de960067b464a5c\",\"name\":\"Flavio Marques\",\"image\":{\"@type\":\"ImageObject\",\"inLanguage\":\"pt-BR\",\"@id\":\"https:\/\/vendadefichas.com\/#\/schema\/person\/image\/\",\"url\":\"https:\/\/secure.gravatar.com\/avatar\/cd91322b615aa8090a30d25b4223639b13445c577e4e9e75a164bc246810a842?s=96&d=mm&r=g\",\"contentUrl\":\"https:\/\/secure.gravatar.com\/avatar\/cd91322b615aa8090a30d25b4223639b13445c577e4e9e75a164bc246810a842?s=96&d=mm&r=g\",\"caption\":\"Flavio Marques\"},\"url\":\"https:\/\/vendadefichas.com\/index.php\/author\/flaviocm\/\"}]}<\/script>\n<!-- \/ Yoast SEO plugin. -->","yoast_head_json":{"title":"Decora\u00e7\u00e3o para transformar seu espa\u00e7o - Venda de Fichas Imobili\u00e1rias - Capta\u00e7\u00e3o de im\u00f3veis","description":"A decora\u00e7\u00e3o pode desempenhar um papel fundamental na renova\u00e7\u00e3o de um espa\u00e7o, tornando-o acolhedor, atraente e personalizado.","robots":{"index":"index","follow":"follow","max-snippet":"max-snippet:-1","max-image-preview":"max-image-preview:large","max-video-preview":"max-video-preview:-1"},"canonical":"https:\/\/vendadefichas.com\/index.php\/2023\/06\/13\/decoracao-para-transformar-seu-espaco\/","og_locale":"pt_BR","og_type":"article","og_title":"Decora\u00e7\u00e3o para transformar seu espa\u00e7o - Venda de Fichas Imobili\u00e1rias - Capta\u00e7\u00e3o de im\u00f3veis","og_description":"A decora\u00e7\u00e3o pode desempenhar um papel fundamental na renova\u00e7\u00e3o de um espa\u00e7o, tornando-o acolhedor, atraente e personalizado.","og_url":"https:\/\/vendadefichas.com\/index.php\/2023\/06\/13\/decoracao-para-transformar-seu-espaco\/","og_site_name":"Venda de Fichas Imobili\u00e1rias - Capta\u00e7\u00e3o de im\u00f3veis","article_published_time":"2023-06-13T19:17:39+00:00","article_modified_time":"2023-06-13T22:19:03+00:00","og_image":[{"width":600,"height":600,"url":"https:\/\/vendadefichas.com\/wp-content\/uploads\/2023\/06\/Decoracao.jpg","type":"image\/jpeg"}],"author":"Flavio Marques","twitter_card":"summary_large_image","twitter_misc":{"Escrito por":"Flavio Marques","Est. tempo de leitura":"5 minutos"},"schema":{"@context":"https:\/\/schema.org","@graph":[{"@type":"Article","@id":"https:\/\/vendadefichas.com\/index.php\/2023\/06\/13\/decoracao-para-transformar-seu-espaco\/#article","isPartOf":{"@id":"https:\/\/vendadefichas.com\/index.php\/2023\/06\/13\/decoracao-para-transformar-seu-espaco\/"},"author":{"name":"Flavio Marques","@id":"https:\/\/vendadefichas.com\/#\/schema\/person\/35b1b76ab2b0a16f9de960067b464a5c"},"headline":"Decora\u00e7\u00e3o para transformar seu espa\u00e7o","datePublished":"2023-06-13T19:17:39+00:00","dateModified":"2023-06-13T22:19:03+00:00","mainEntityOfPage":{"@id":"https:\/\/vendadefichas.com\/index.php\/2023\/06\/13\/decoracao-para-transformar-seu-espaco\/"},"wordCount":826,"commentCount":0,"publisher":{"@id":"https:\/\/vendadefichas.com\/#organization"},"image":{"@id":"https:\/\/vendadefichas.com\/index.php\/2023\/06\/13\/decoracao-para-transformar-seu-espaco\/#primaryimage"},"thumbnailUrl":"https:\/\/vendadefichas.com\/wp-content\/uploads\/2023\/06\/Decoracao.jpg","articleSection":["Capta\u00e7\u00e3o de im\u00f3veis","Loca\u00e7\u00e3o e Vendas"],"inLanguage":"pt-BR","potentialAction":[{"@type":"CommentAction","name":"Comment","target":["https:\/\/vendadefichas.com\/index.php\/2023\/06\/13\/decoracao-para-transformar-seu-espaco\/#respond"]}]},{"@type":"WebPage","@id":"https:\/\/vendadefichas.com\/index.php\/2023\/06\/13\/decoracao-para-transformar-seu-espaco\/","url":"https:\/\/vendadefichas.com\/index.php\/2023\/06\/13\/decoracao-para-transformar-seu-espaco\/","name":"Decora\u00e7\u00e3o para transformar seu espa\u00e7o - Venda de Fichas Imobili\u00e1rias - Capta\u00e7\u00e3o de im\u00f3veis","isPartOf":{"@id":"https:\/\/vendadefichas.com\/#website"},"primaryImageOfPage":{"@id":"https:\/\/vendadefichas.com\/index.php\/2023\/06\/13\/decoracao-para-transformar-seu-espaco\/#primaryimage"},"image":{"@id":"https:\/\/vendadefichas.com\/index.php\/2023\/06\/13\/decoracao-para-transformar-seu-espaco\/#primaryimage"},"thumbnailUrl":"https:\/\/vendadefichas.com\/wp-content\/uploads\/2023\/06\/Decoracao.jpg","datePublished":"2023-06-13T19:17:39+00:00","dateModified":"2023-06-13T22:19:03+00:00","description":"A decora\u00e7\u00e3o pode desempenhar um papel fundamental na renova\u00e7\u00e3o de um espa\u00e7o, tornando-o acolhedor, atraente e personalizado.","breadcrumb":{"@id":"https:\/\/vendadefichas.com\/index.php\/2023\/06\/13\/decoracao-para-transformar-seu-espaco\/#breadcrumb"},"inLanguage":"pt-BR","potentialAction":[{"@type":"ReadAction","target":["https:\/\/vendadefichas.com\/index.php\/2023\/06\/13\/decoracao-para-transformar-seu-espaco\/"]}]},{"@type":"ImageObject","inLanguage":"pt-BR","@id":"https:\/\/vendadefichas.com\/index.php\/2023\/06\/13\/decoracao-para-transformar-seu-espaco\/#primaryimage","url":"https:\/\/vendadefichas.com\/wp-content\/uploads\/2023\/06\/Decoracao.jpg","contentUrl":"https:\/\/vendadefichas.com\/wp-content\/uploads\/2023\/06\/Decoracao.jpg","width":600,"height":600,"caption":"Estilos populares de decora\u00e7\u00e3o"},{"@type":"BreadcrumbList","@id":"https:\/\/vendadefichas.com\/index.php\/2023\/06\/13\/decoracao-para-transformar-seu-espaco\/#breadcrumb","itemListElement":[{"@type":"ListItem","position":1,"name":"In\u00edcio","item":"https:\/\/vendadefichas.com\/"},{"@type":"ListItem","position":2,"name":"Decora\u00e7\u00e3o para transformar seu espa\u00e7o"}]},{"@type":"WebSite","@id":"https:\/\/vendadefichas.com\/#website","url":"https:\/\/vendadefichas.com\/","name":"Venda de Fichas Imobili\u00e1rias - Capta\u00e7\u00e3o de im\u00f3veis","description":"Venda de fichas imobili\u00e1rias, capta\u00e7\u00e3o de im\u00f3veis, venda e loca\u00e7\u00e3o","publisher":{"@id":"https:\/\/vendadefichas.com\/#organization"},"alternateName":"Venda de fichas, loca\u00e7\u00e3o e venda de im\u00f3veis","potentialAction":[{"@type":"SearchAction","target":{"@type":"EntryPoint","urlTemplate":"https:\/\/vendadefichas.com\/?s={search_term_string}"},"query-input":"required name=search_term_string"}],"inLanguage":"pt-BR"},{"@type":"Organization","@id":"https:\/\/vendadefichas.com\/#organization","name":"Venda de Fichas Imobili\u00e1rias","alternateName":"Venda de Fichas Imobili\u00e1rias, capta\u00e7\u00e3o de im\u00f3veis, loca\u00e7\u00e3o e venda de im\u00f3veis","url":"https:\/\/vendadefichas.com\/","logo":{"@type":"ImageObject","inLanguage":"pt-BR","@id":"https:\/\/vendadefichas.com\/#\/schema\/logo\/image\/","url":"https:\/\/vendadefichas.com\/wp-content\/uploads\/2023\/05\/venda-de-fichas.png","contentUrl":"https:\/\/vendadefichas.com\/wp-content\/uploads\/2023\/05\/venda-de-fichas.png","width":676,"height":254,"caption":"Venda de Fichas Imobili\u00e1rias"},"image":{"@id":"https:\/\/vendadefichas.com\/#\/schema\/logo\/image\/"}},{"@type":"Person","@id":"https:\/\/vendadefichas.com\/#\/schema\/person\/35b1b76ab2b0a16f9de960067b464a5c","name":"Flavio Marques","image":{"@type":"ImageObject","inLanguage":"pt-BR","@id":"https:\/\/vendadefichas.com\/#\/schema\/person\/image\/","url":"https:\/\/secure.gravatar.com\/avatar\/cd91322b615aa8090a30d25b4223639b13445c577e4e9e75a164bc246810a842?s=96&d=mm&r=g","contentUrl":"https:\/\/secure.gravatar.com\/avatar\/cd91322b615aa8090a30d25b4223639b13445c577e4e9e75a164bc246810a842?s=96&d=mm&r=g","caption":"Flavio Marques"},"url":"https:\/\/vendadefichas.com\/index.php\/author\/flaviocm\/"}]}},"_links":{"self":[{"href":"https:\/\/vendadefichas.com\/index.php\/wp-json\/wp\/v2\/posts\/581","targetHints":{"allow":["GET"]}}],"collection":[{"href":"https:\/\/vendadefichas.com\/index.php\/wp-json\/wp\/v2\/posts"}],"about":[{"href":"https:\/\/vendadefichas.com\/index.php\/wp-json\/wp\/v2\/types\/post"}],"author":[{"embeddable":true,"href":"https:\/\/vendadefichas.com\/index.php\/wp-json\/wp\/v2\/users\/2"}],"replies":[{"embeddable":true,"href":"https:\/\/vendadefichas.com\/index.php\/wp-json\/wp\/v2\/comments?post=581"}],"version-history":[{"count":29,"href":"https:\/\/vendadefichas.com\/index.php\/wp-json\/wp\/v2\/posts\/581\/revisions"}],"predecessor-version":[{"id":616,"href":"https:\/\/vendadefichas.com\/index.php\/wp-json\/wp\/v2\/posts\/581\/revisions\/616"}],"wp:featuredmedia":[{"embeddable":true,"href":"https:\/\/vendadefichas.com\/index.php\/wp-json\/wp\/v2\/media\/600"}],"wp:attachment":[{"href":"https:\/\/vendadefichas.com\/index.php\/wp-json\/wp\/v2\/media?parent=581"}],"wp:term":[{"taxonomy":"category","embeddable":true,"href":"https:\/\/vendadefichas.com\/index.php\/wp-json\/wp\/v2\/categories?post=581"},{"taxonomy":"post_tag","embeddable":true,"href":"https:\/\/vendadefichas.com\/index.php\/wp-json\/wp\/v2\/tags?post=581"}],"curies":[{"name":"wp","href":"https:\/\/api.w.org\/{rel}","templated":true}]}}